{"id":17250,"date":"2024-11-15T11:44:48","date_gmt":"2024-11-15T10:44:48","guid":{"rendered":"https:\/\/www.graphicart.ch\/?p=17250"},"modified":"2025-09-22T11:34:01","modified_gmt":"2025-09-22T09:34:01","slug":"die-neue-leica-m11-glossy","status":"publish","type":"post","link":"https:\/\/www.graphicart.ch\/de\/die-neue-leica-m11-glossy\/","title":{"rendered":"Die neue M11 Glossy"},"content":{"rendered":"<h2><span style=\"color: #ffffff;\">Die Leica M11 und das Noctilux-M 1:1.2\/50mm ASPH in gl\u00e4nzendem Design<\/span><\/h2>\n<p>Leica pr\u00e4sentiert die <strong><a href=\"https:\/\/www.graphicart.ch\/shop\/de\/Kamerasysteme---Objektive\/Leica\/Leica-M---Objektive\/Leica-M---Objektive-516\/LEICA-M11--schwarz-glaenzend.html\">Leica M11<\/a><\/strong> in einer edlen schwarz gl\u00e4nzenden Lackierung.<\/p>\n<ul>\n<li>Durch den Gebrauch kommen unter der gl\u00e4nzenden Lackierung Spuren des Messinggeh\u00e4uses zum Vorschein<\/li>\n<li>Der Verzicht auf den roten Leica Punkt und der ikonische Leica-Fadenzug auf der Deckkappe verk\u00f6rpern die Eleganz der M-Serie.<\/li>\n<\/ul>\n<p>Zus\u00e4tzlich zur neuen Leica M11 erscheint das klassische<strong><a href=\"https:\/\/www.graphicart.ch\/shop\/de\/Kamerasysteme---Objektive\/Leica\/Leica-M---Objektive\/Leica-M---Objektive-518\/LEICA-NOCTILUX-M-ASPH-schwarz-glaenzend-50mm-1-2.html\"> Noctilux-M 1:1.2\/50mm ASPH<\/a><\/strong> ebenfalls in gl\u00e4nzender Ausf\u00fchrung. Das Objektiv begeistert mit seiner Lichtst\u00e4rke und dem typischen Leica Bokeh.<br \/>\nDie <a href=\"https:\/\/www.graphicart.ch\/shop\/de\/Kamerasysteme---Objektive\/Leica\/Leica-M---Objektive\/Leica-M---Objektive-516\/LEICA-M11--schwarz-glaenzend.html\"><strong>Leica M11 Glossy<\/strong><\/a> ist ab sofort in unserem Shop ab Lager verf\u00fcgbar.<\/p>\n","protected":false},"excerpt":{"rendered":"<p>Die Leica M11 und das Noctilux-M 1:1.2\/50mm ASPH in gl\u00e4nzendem Design Leica pr\u00e4sentiert die Leica M11 in einer edlen schwarz gl\u00e4nzenden Lackierung. Durch den Gebrauch kommen unter der gl\u00e4nzenden Lackierung Spuren des Messinggeh\u00e4uses zum Vorschein Der Verzicht auf den roten Leica Punkt und der ikonische Leica-Fadenzug auf der Deckkappe verk\u00f6rpern die Eleganz der M-Serie. Zus\u00e4tzlich zur neuen Leica M11 erscheint &#8230; <\/p>\n<div><a href=\"https:\/\/www.graphicart.ch\/de\/die-neue-leica-m11-glossy\/\" class=\"more-link\">Read More<\/a><\/div>\n","protected":false},"author":12,"featured_media":17260,"comment_status":"closed","ping_status":"open","sticky":false,"template":"","format":"link","meta":{"_acf_changed":false,"_monsterinsights_skip_tracking":false,"_monsterinsights_sitenote_active":false,"_monsterinsights_sitenote_note":"","_monsterinsights_sitenote_category":0,"footnotes":""},"categories":[1],"tags":[],"acf":[],"_links":{"self":[{"href":"https:\/\/www.graphicart.ch\/de\/wp-json\/wp\/v2\/posts\/17250"}],"collection":[{"href":"https:\/\/www.graphicart.ch\/de\/wp-json\/wp\/v2\/posts"}],"about":[{"href":"https:\/\/www.graphicart.ch\/de\/wp-json\/wp\/v2\/types\/post"}],"author":[{"embeddable":true,"href":"https:\/\/www.graphicart.ch\/de\/wp-json\/wp\/v2\/users\/12"}],"replies":[{"embeddable":true,"href":"https:\/\/www.graphicart.ch\/de\/wp-json\/wp\/v2\/comments?post=17250"}],"version-history":[{"count":3,"href":"https:\/\/www.graphicart.ch\/de\/wp-json\/wp\/v2\/posts\/17250\/revisions"}],"predecessor-version":[{"id":17255,"href":"https:\/\/www.graphicart.ch\/de\/wp-json\/wp\/v2\/posts\/17250\/revisions\/17255"}],"wp:featuredmedia":[{"embeddable":true,"href":"https:\/\/www.graphicart.ch\/de\/wp-json\/wp\/v2\/media\/17260"}],"wp:attachment":[{"href":"https:\/\/www.graphicart.ch\/de\/wp-json\/wp\/v2\/media?parent=17250"}],"wp:term":[{"taxonomy":"category","embeddable":true,"href":"https:\/\/www.graphicart.ch\/de\/wp-json\/wp\/v2\/categories?post=17250"},{"taxonomy":"post_tag","embeddable":true,"href":"https:\/\/www.graphicart.ch\/de\/wp-json\/wp\/v2\/tags?post=17250"}],"curies":[{"name":"wp","href":"https:\/\/api.w.org\/{rel}","templated":true}]}}