{"id":11646,"date":"2023-09-05T09:57:11","date_gmt":"2023-09-05T07:57:11","guid":{"rendered":"https:\/\/www.graphicart.ch\/?p=11646"},"modified":"2024-08-23T15:25:50","modified_gmt":"2024-08-23T13:25:50","slug":"profoto-a2","status":"publish","type":"post","link":"https:\/\/www.graphicart.ch\/fr\/profoto-a2\/","title":{"rendered":"Profoto A2"},"content":{"rendered":"<h2><span style=\"color: #ffffff;\">Profoto A2:<\/span><br \/>\n<span style=\"color: #ffffff;\"> petit en taille, grand en performances<\/span><\/h2>\n<p>Le flash monobloc super compact <span style=\"color: #3284a8;\"><strong><a style=\"color: #3284a8;\" href=\"https:\/\/www.graphicart.ch\/shop\/fr\/Flash---Accessoires\/Profoto-178\/Profoto-A2\/Profoto-A2.html?utm_source=mailpoet&amp;utm_medium=email&amp;utm_campaign=21.07.2022_GraphicArt_News_F%3A_Profoto_A2\" target=\"_blank\" rel=\"noopener\">Profoto A2<\/a><\/strong><\/span>. jouit d\u2019une grande popularit\u00e9.<br \/>\nAvec sa taille ne d\u00e9passant pas celle d\u2019une canette de soda et son poids d\u2019\u00e0 peine 773 g, l\u2019A2 d\u00e9livre une puissance de 100 Ws. L\u2019A2 dispose des attributs caract\u00e9ristiques des produits Profoto, offre une connectivit\u00e9 AirX int\u00e9gr\u00e9e et est enti\u00e8rement compatible avec les <span style=\"color: #3284a8;\"><strong><a style=\"color: #3284a8;\" href=\"https:\/\/www.graphicart.ch\/shop\/fr\/advanced_search_result.php?categories_id=0&amp;keywords=clic&amp;inc_subcat=1&amp;utm_source=mailpoet&amp;utm_medium=email&amp;utm_campaign=21.07.2022_GraphicArt_News_F%3A_Profoto_A2\" target=\"_blank\" rel=\"noopener\">modeleurs de lumi\u00e8re Profoto Clic<\/a><\/strong><\/span> \u00e0 monture magn\u00e9tique.<br \/>\nL&rsquo;interface utilisateur simple et intuitive ainsi que la conception robuste et esth\u00e9tique sont \u00e9galement typiques de Profoto.<br \/>\nUn petit flash qui vous accompagne partout et donne un nouvel \u00e9lan \u00e0 votre cr\u00e9ativit\u00e9.<\/p>\n","protected":false},"excerpt":{"rendered":"<p>Profoto A2: petit en taille, grand en performances Le flash monobloc super compact Profoto A2. jouit d\u2019une grande popularit\u00e9. Avec sa taille ne d\u00e9passant pas celle d\u2019une canette de soda et son poids d\u2019\u00e0 peine 773 g, l\u2019A2 d\u00e9livre une puissance de 100 Ws. L\u2019A2 dispose des attributs caract\u00e9ristiques des produits Profoto, offre une connectivit\u00e9 AirX int\u00e9gr\u00e9e et est enti\u00e8rement &#8230; <\/p>\n<div><a href=\"https:\/\/www.graphicart.ch\/fr\/profoto-a2\/\" class=\"more-link\">Read More<\/a><\/div>\n","protected":false},"author":3,"featured_media":11652,"comment_status":"closed","ping_status":"open","sticky":false,"template":"","format":"link","meta":{"_acf_changed":false,"_monsterinsights_skip_tracking":false,"_monsterinsights_sitenote_active":false,"_monsterinsights_sitenote_note":"","_monsterinsights_sitenote_category":0,"footnotes":""},"categories":[3],"tags":[],"acf":[],"_links":{"self":[{"href":"https:\/\/www.graphicart.ch\/fr\/wp-json\/wp\/v2\/posts\/11646"}],"collection":[{"href":"https:\/\/www.graphicart.ch\/fr\/wp-json\/wp\/v2\/posts"}],"about":[{"href":"https:\/\/www.graphicart.ch\/fr\/wp-json\/wp\/v2\/types\/post"}],"author":[{"embeddable":true,"href":"https:\/\/www.graphicart.ch\/fr\/wp-json\/wp\/v2\/users\/3"}],"replies":[{"embeddable":true,"href":"https:\/\/www.graphicart.ch\/fr\/wp-json\/wp\/v2\/comments?post=11646"}],"version-history":[{"count":6,"href":"https:\/\/www.graphicart.ch\/fr\/wp-json\/wp\/v2\/posts\/11646\/revisions"}],"predecessor-version":[{"id":14335,"href":"https:\/\/www.graphicart.ch\/fr\/wp-json\/wp\/v2\/posts\/11646\/revisions\/14335"}],"wp:featuredmedia":[{"embeddable":true,"href":"https:\/\/www.graphicart.ch\/fr\/wp-json\/wp\/v2\/media\/11652"}],"wp:attachment":[{"href":"https:\/\/www.graphicart.ch\/fr\/wp-json\/wp\/v2\/media?parent=11646"}],"wp:term":[{"taxonomy":"category","embeddable":true,"href":"https:\/\/www.graphicart.ch\/fr\/wp-json\/wp\/v2\/categories?post=11646"},{"taxonomy":"post_tag","embeddable":true,"href":"https:\/\/www.graphicart.ch\/fr\/wp-json\/wp\/v2\/tags?post=11646"}],"curies":[{"name":"wp","href":"https:\/\/api.w.org\/{rel}","templated":true}]}}