{"id":13306,"date":"2023-05-26T09:57:41","date_gmt":"2023-05-26T07:57:41","guid":{"rendered":"https:\/\/www.graphicart.ch\/?p=13306"},"modified":"2024-10-01T14:37:49","modified_gmt":"2024-10-01T12:37:49","slug":"le-nouveau-leica-q3","status":"publish","type":"post","link":"https:\/\/www.graphicart.ch\/fr\/le-nouveau-leica-q3\/","title":{"rendered":"Le nouveau Leica Q3"},"content":{"rendered":"<h2><span style=\"color: #ffffff;\">Le nouveau Leica Q3<\/span><\/h2>\n<p>Le <span style=\"color: #4690b0;\"><strong><a style=\"color: #4690b0;\" href=\"https:\/\/www.graphicart.ch\/shop\/fr\/Appareils-photo---objectifs\/Leica\/Leica-Q\/LEICA-Q3--noir.html\" target=\"_blank\" rel=\"noopener\">Leica Q3<\/a><\/strong><\/span> compact avec \u00e9cran inclinable fournit une qualit\u00e9 d&rsquo;image impressionnante pour la photo et la vid\u00e9o :<\/p>\n<ul>\n<li>Capteur CMOS BSI plein format avec technologie de triple r\u00e9solution (60 MP, 36 MP et 18 MP)<\/li>\n<li>Objectif fixe en Summilux 28mm f\/1.7 ASPH avec bague macro int\u00e9gr\u00e9e<\/li>\n<li>Syst\u00e8me d&rsquo;autofocus hybride avec d\u00e9tection de phase AF, Contraste AF et AI)<\/li>\n<li>Ecran inclinable de 3 pouces et viseur \u00e9lectronique OLED de 5,67MP<\/li>\n<li>Connectivit\u00e9 ultra rapide et pratique avec la Leica FOTOS<\/li>\n<li>Ports USB-C et HDMI<\/li>\n<li>Vid\u00e9o jusqu&rsquo;\u00e0 8K et diff\u00e9rents formats de vid\u00e9os<\/li>\n<li>Compatible connectivit\u00e9 iPhone et iPad<\/li>\n<\/ul>\n<p>De plus amples informations sur la date de livraison suivront ici.<br \/>\nLe <strong><span style=\"color: #4690b0;\"><a style=\"color: #4690b0;\" href=\"https:\/\/www.graphicart.ch\/shop\/fr\/Appareils-photo---objectifs\/Leica\/Leica-Q\/LEICA-Q3--noir.html\" target=\"_blank\" rel=\"noopener\">Leica Q3<\/a><\/span><\/strong> est disponible dans notre boutique en ligne et peut \u00eatre command\u00e9 dans nos succursales <span style=\"color: #4690b0;\"><strong><a style=\"color: #4690b0;\" href=\"https:\/\/www.graphicart.ch\/fr\/plan-du-site-ittigen\/\" target=\"_blank\" rel=\"noopener\">d&rsquo;Ittigen-Berne<\/a><\/strong><\/span> et de <strong><span style=\"color: #4690b0;\"><a style=\"color: #4690b0;\" href=\"https:\/\/www.graphicart.ch\/fr\/plan-du-site-zurich\/\" target=\"_blank\" rel=\"noopener\">Zurich<\/a><\/span><\/strong>.<br \/>\nNous disposerons de cam\u00e9ras de test et de location d\u00e8s que possible.<\/p>\n","protected":false},"excerpt":{"rendered":"<p>Le nouveau Leica Q3 Le Leica Q3 compact avec \u00e9cran inclinable fournit une qualit\u00e9 d&rsquo;image impressionnante pour la photo et la vid\u00e9o : Capteur CMOS BSI plein format avec technologie de triple r\u00e9solution (60 MP, 36 MP et 18 MP) Objectif fixe en Summilux 28mm f\/1.7 ASPH avec bague macro int\u00e9gr\u00e9e Syst\u00e8me d&rsquo;autofocus hybride avec d\u00e9tection de phase AF, Contraste &#8230; <\/p>\n<div><a href=\"https:\/\/www.graphicart.ch\/fr\/le-nouveau-leica-q3\/\" class=\"more-link\">Read More<\/a><\/div>\n","protected":false},"author":3,"featured_media":13280,"comment_status":"closed","ping_status":"open","sticky":false,"template":"","format":"link","meta":{"_acf_changed":false,"_monsterinsights_skip_tracking":false,"_monsterinsights_sitenote_active":false,"_monsterinsights_sitenote_note":"","_monsterinsights_sitenote_category":0,"footnotes":""},"categories":[3],"tags":[],"acf":[],"_links":{"self":[{"href":"https:\/\/www.graphicart.ch\/fr\/wp-json\/wp\/v2\/posts\/13306"}],"collection":[{"href":"https:\/\/www.graphicart.ch\/fr\/wp-json\/wp\/v2\/posts"}],"about":[{"href":"https:\/\/www.graphicart.ch\/fr\/wp-json\/wp\/v2\/types\/post"}],"author":[{"embeddable":true,"href":"https:\/\/www.graphicart.ch\/fr\/wp-json\/wp\/v2\/users\/3"}],"replies":[{"embeddable":true,"href":"https:\/\/www.graphicart.ch\/fr\/wp-json\/wp\/v2\/comments?post=13306"}],"version-history":[{"count":3,"href":"https:\/\/www.graphicart.ch\/fr\/wp-json\/wp\/v2\/posts\/13306\/revisions"}],"predecessor-version":[{"id":13309,"href":"https:\/\/www.graphicart.ch\/fr\/wp-json\/wp\/v2\/posts\/13306\/revisions\/13309"}],"wp:featuredmedia":[{"embeddable":true,"href":"https:\/\/www.graphicart.ch\/fr\/wp-json\/wp\/v2\/media\/13280"}],"wp:attachment":[{"href":"https:\/\/www.graphicart.ch\/fr\/wp-json\/wp\/v2\/media?parent=13306"}],"wp:term":[{"taxonomy":"category","embeddable":true,"href":"https:\/\/www.graphicart.ch\/fr\/wp-json\/wp\/v2\/categories?post=13306"},{"taxonomy":"post_tag","embeddable":true,"href":"https:\/\/www.graphicart.ch\/fr\/wp-json\/wp\/v2\/tags?post=13306"}],"curies":[{"name":"wp","href":"https:\/\/api.w.org\/{rel}","templated":true}]}}