{"id":13416,"date":"2023-06-23T09:53:54","date_gmt":"2023-06-23T07:53:54","guid":{"rendered":"https:\/\/www.graphicart.ch\/?p=13416"},"modified":"2024-08-23T15:28:04","modified_gmt":"2024-08-23T13:28:04","slug":"nikon-presente-le-nikkor-z-70-180-mm-et-le-nikkor-z-180-600-mm","status":"publish","type":"post","link":"https:\/\/www.graphicart.ch\/fr\/nikon-presente-le-nikkor-z-70-180-mm-et-le-nikkor-z-180-600-mm\/","title":{"rendered":"Nikon pr\u00e9sente le Nikkor Z 70-180 mm et le Nikkor Z 180-600 mm"},"content":{"rendered":"<h2><span style=\"color: #ffffff;\">Nikon pr\u00e9sente deux nouveaux t\u00e9l\u00e9objectifs Nikkor \u00e0 monture Z: <\/span><br \/>\n<span style=\"color: #ffffff;\">le Nikkor Z 70-180mm f\/2.8 et le <\/span><br \/>\n<span style=\"color: #ffffff;\">Nikkor Z 180-600mm f\/5.6-6.3 VR<\/span><\/h2>\n<p>Deux nouveaux objectifs zooms universels:<br \/>\n<span style=\"color: #4690b0;\"><strong><a style=\"color: #4690b0;\" href=\"https:\/\/www.graphicart.ch\/shop\/fr\/Appareils-photo---objectifs\/Nikon\/objectifs-nikkor-z\/Nikkor-Z-70-180mm-f-2-8.html\" target=\"_blank\" rel=\"noopener\">Nikkor Z 70-180 mm f\/2.8<\/a><\/strong><\/span><\/p>\n<ul>\n<li>Intensit\u00e9 lumineuse constante de f\/2.8 sur toute la plage du zoom<\/li>\n<li>Compact (seulement 151 mm de long et 795 g)<\/li>\n<li>Id\u00e9alement combinable avec les deux t\u00e9l\u00e9convertisseurs Z <span style=\"color: #4690b0;\"><strong><a style=\"color: #4690b0;\" href=\"https:\/\/www.graphicart.ch\/shop\/fr\/Appareils-photo---objectifs\/Nikon\/objectifs-nikkor-z\/nikkor-z-teleconvertisseur-1-4x.html\" target=\"_blank\" rel=\"noopener\">TC1.4x<\/a><\/strong><\/span> et <span style=\"color: #4690b0;\"><strong><a style=\"color: #4690b0;\" href=\"https:\/\/www.graphicart.ch\/shop\/fr\/Appareils-photo---objectifs\/Nikon\/objectifs-nikkor-z\/nikkor-z-teleconvertisseur-2-0x.html\" target=\"_blank\" rel=\"noopener\">TC 2.0x<\/a><\/strong><\/span><\/li>\n<li>Livrable d\u00e8s la mi-juillet 23<\/li>\n<\/ul>\n<p><span style=\"color: #4690b0;\"><strong><a style=\"color: #4690b0;\" href=\"https:\/\/www.graphicart.ch\/shop\/fr\/Appareils-photo---objectifs\/Nikon\/objectifs-nikkor-z\/Nikkor-Z-180-600mm-f-5-6-6-3-VR.html\" target=\"_blank\" rel=\"noopener\">Nikkor Z 180-600 mm f\/5.6-6.3 VR<\/a><\/strong><\/span><\/p>\n<ul>\n<li>Super t\u00e9l\u00e9objectif pour la photographie animali\u00e8re et ornithologique<\/li>\n<li>Syst\u00e8me de r\u00e9duction de vibration int\u00e9gr\u00e9<\/li>\n<li>Combinable avec les deux t\u00e9l\u00e9convertisseurs Z <strong><span style=\"color: #4690b0;\"><a style=\"color: #4690b0;\" href=\"https:\/\/www.graphicart.ch\/shop\/fr\/Appareils-photo---objectifs\/Nikon\/objectifs-nikkor-z\/nikkor-z-teleconvertisseur-1-4x.html\" target=\"_blank\" rel=\"noopener\">TC1.4x<\/a><\/span><\/strong> et <span style=\"color: #4690b0;\"><strong><a style=\"color: #4690b0;\" href=\"https:\/\/www.graphicart.ch\/shop\/fr\/Appareils-photo---objectifs\/Nikon\/objectifs-nikkor-z\/nikkor-z-teleconvertisseur-2-0x.html\" target=\"_blank\" rel=\"noopener\">TC 2.0x<\/a><\/strong><\/span><\/li>\n<li>Livrable d\u00e8s ao\u00fbt 23<\/li>\n<\/ul>\n","protected":false},"excerpt":{"rendered":"<p>Nikon pr\u00e9sente deux nouveaux t\u00e9l\u00e9objectifs Nikkor \u00e0 monture Z: le Nikkor Z 70-180mm f\/2.8 et le Nikkor Z 180-600mm f\/5.6-6.3 VR Deux nouveaux objectifs zooms universels: Nikkor Z 70-180 mm f\/2.8 Intensit\u00e9 lumineuse constante de f\/2.8 sur toute la plage du zoom Compact (seulement 151 mm de long et 795 g) Id\u00e9alement combinable avec les deux t\u00e9l\u00e9convertisseurs Z TC1.4x et &#8230; <\/p>\n<div><a href=\"https:\/\/www.graphicart.ch\/fr\/nikon-presente-le-nikkor-z-70-180-mm-et-le-nikkor-z-180-600-mm\/\" class=\"more-link\">Read More<\/a><\/div>\n","protected":false},"author":3,"featured_media":13403,"comment_status":"closed","ping_status":"open","sticky":false,"template":"","format":"link","meta":{"_acf_changed":false,"_monsterinsights_skip_tracking":false,"_monsterinsights_sitenote_active":false,"_monsterinsights_sitenote_note":"","_monsterinsights_sitenote_category":0,"footnotes":""},"categories":[3],"tags":[],"acf":[],"_links":{"self":[{"href":"https:\/\/www.graphicart.ch\/fr\/wp-json\/wp\/v2\/posts\/13416"}],"collection":[{"href":"https:\/\/www.graphicart.ch\/fr\/wp-json\/wp\/v2\/posts"}],"about":[{"href":"https:\/\/www.graphicart.ch\/fr\/wp-json\/wp\/v2\/types\/post"}],"author":[{"embeddable":true,"href":"https:\/\/www.graphicart.ch\/fr\/wp-json\/wp\/v2\/users\/3"}],"replies":[{"embeddable":true,"href":"https:\/\/www.graphicart.ch\/fr\/wp-json\/wp\/v2\/comments?post=13416"}],"version-history":[{"count":13,"href":"https:\/\/www.graphicart.ch\/fr\/wp-json\/wp\/v2\/posts\/13416\/revisions"}],"predecessor-version":[{"id":13657,"href":"https:\/\/www.graphicart.ch\/fr\/wp-json\/wp\/v2\/posts\/13416\/revisions\/13657"}],"wp:featuredmedia":[{"embeddable":true,"href":"https:\/\/www.graphicart.ch\/fr\/wp-json\/wp\/v2\/media\/13403"}],"wp:attachment":[{"href":"https:\/\/www.graphicart.ch\/fr\/wp-json\/wp\/v2\/media?parent=13416"}],"wp:term":[{"taxonomy":"category","embeddable":true,"href":"https:\/\/www.graphicart.ch\/fr\/wp-json\/wp\/v2\/categories?post=13416"},{"taxonomy":"post_tag","embeddable":true,"href":"https:\/\/www.graphicart.ch\/fr\/wp-json\/wp\/v2\/tags?post=13416"}],"curies":[{"name":"wp","href":"https:\/\/api.w.org\/{rel}","templated":true}]}}