{"id":15023,"date":"2024-03-08T09:18:26","date_gmt":"2024-03-08T08:18:26","guid":{"rendered":"https:\/\/www.graphicart.ch\/?p=15023"},"modified":"2025-03-28T08:30:16","modified_gmt":"2025-03-28T07:30:16","slug":"le-nouveau-leica-sl3","status":"publish","type":"post","link":"https:\/\/www.graphicart.ch\/fr\/le-nouveau-leica-sl3\/","title":{"rendered":"Le nouveau Leica SL3"},"content":{"rendered":"<h2><span style=\"color: #ffffff;\">Le nouveau Leica SL3<\/span><\/h2>\n<p>Leica pr\u00e9sente le <span style=\"color: #4690b0;\"><strong><a style=\"color: #4690b0;\" href=\"https:\/\/www.graphicart.ch\/shop\/fr\/Appareils-photo---objectifs\/Leica\/category-454\/Leica-SL3-Bo--tier.html\" target=\"_blank\" rel=\"noopener\">Leica SL3<\/a><\/strong><\/span> dot\u00e9 d\u2019une s\u00e9rie de nouvelles fonctionnalit\u00e9s passionnantes:<\/p>\n<ul>\n<li>Capteur BSI avec trois r\u00e9solutions au choix de 18\/36\/60 millions de pixels<\/li>\n<li>Syst\u00e8me autofocus avanc\u00e9 avec d\u00e9tection des yeux chez les humains et les animaux<\/li>\n<li>Dimensions optimis\u00e9es et poids r\u00e9duit<\/li>\n<li>\u00c9cran inclinable<\/li>\n<\/ul>\n<p>Nous disposons d\u00e8s \u00e0 pr\u00e9sent d\u2019un appareil de d\u00e9monstration et de test \u00e0 <span style=\"color: #4690b0;\"><strong><a style=\"color: #4690b0;\" href=\"https:\/\/www.graphicart.ch\/fr\/plan-du-site-zurich\/\" target=\"_blank\" rel=\"noopener\">Zurich<\/a><\/strong><\/span> et <span style=\"color: #4690b0;\"><strong><a style=\"color: #4690b0;\" href=\"https:\/\/www.graphicart.ch\/fr\/plan-du-site-ittigen\/\" target=\"_blank\" rel=\"noopener\">Ittigen-Berne<\/a><\/strong><\/span>.<\/p>\n","protected":false},"excerpt":{"rendered":"<p>Le nouveau Leica SL3 Leica pr\u00e9sente le Leica SL3 dot\u00e9 d\u2019une s\u00e9rie de nouvelles fonctionnalit\u00e9s passionnantes: Capteur BSI avec trois r\u00e9solutions au choix de 18\/36\/60 millions de pixels Syst\u00e8me autofocus avanc\u00e9 avec d\u00e9tection des yeux chez les humains et les animaux Dimensions optimis\u00e9es et poids r\u00e9duit \u00c9cran inclinable Nous disposons d\u00e8s \u00e0 pr\u00e9sent d\u2019un appareil de d\u00e9monstration et de test &#8230; <\/p>\n<div><a href=\"https:\/\/www.graphicart.ch\/fr\/le-nouveau-leica-sl3\/\" class=\"more-link\">Read More<\/a><\/div>\n","protected":false},"author":3,"featured_media":15010,"comment_status":"closed","ping_status":"open","sticky":false,"template":"","format":"link","meta":{"_acf_changed":false,"_monsterinsights_skip_tracking":false,"_monsterinsights_sitenote_active":false,"_monsterinsights_sitenote_note":"","_monsterinsights_sitenote_category":0,"footnotes":""},"categories":[3],"tags":[],"acf":[],"_links":{"self":[{"href":"https:\/\/www.graphicart.ch\/fr\/wp-json\/wp\/v2\/posts\/15023"}],"collection":[{"href":"https:\/\/www.graphicart.ch\/fr\/wp-json\/wp\/v2\/posts"}],"about":[{"href":"https:\/\/www.graphicart.ch\/fr\/wp-json\/wp\/v2\/types\/post"}],"author":[{"embeddable":true,"href":"https:\/\/www.graphicart.ch\/fr\/wp-json\/wp\/v2\/users\/3"}],"replies":[{"embeddable":true,"href":"https:\/\/www.graphicart.ch\/fr\/wp-json\/wp\/v2\/comments?post=15023"}],"version-history":[{"count":7,"href":"https:\/\/www.graphicart.ch\/fr\/wp-json\/wp\/v2\/posts\/15023\/revisions"}],"predecessor-version":[{"id":15030,"href":"https:\/\/www.graphicart.ch\/fr\/wp-json\/wp\/v2\/posts\/15023\/revisions\/15030"}],"wp:featuredmedia":[{"embeddable":true,"href":"https:\/\/www.graphicart.ch\/fr\/wp-json\/wp\/v2\/media\/15010"}],"wp:attachment":[{"href":"https:\/\/www.graphicart.ch\/fr\/wp-json\/wp\/v2\/media?parent=15023"}],"wp:term":[{"taxonomy":"category","embeddable":true,"href":"https:\/\/www.graphicart.ch\/fr\/wp-json\/wp\/v2\/categories?post=15023"},{"taxonomy":"post_tag","embeddable":true,"href":"https:\/\/www.graphicart.ch\/fr\/wp-json\/wp\/v2\/tags?post=15023"}],"curies":[{"name":"wp","href":"https:\/\/api.w.org\/{rel}","templated":true}]}}